[{"@context":"https:\/\/schema.org\/","@type":"Article","@id":"https:\/\/www.d3bc.cz\/dedictvi-unesco\/#Article","mainEntityOfPage":"https:\/\/www.d3bc.cz\/dedictvi-unesco\/","headline":"D\u011bdictv\u00ed Unesco","name":"D\u011bdictv\u00ed Unesco","description":"Unesco je tak jako nap\u0159\u00edklad Unicef jednou z patn\u00e1cti odborn\u00fdch organizac\u00ed OSN. Je to organizace pro vzd\u011bl\u00e1v\u00e1n\u00ed, v\u011bku a kulturu (anglicky United Nations Educational, Scientific <a class=\"more-link\" href=\"https:\/\/www.d3bc.cz\/dedictvi-unesco\/\">\u010c\u00edst d\u00e1le ...<\/a>","datePublished":"2018-09-20","dateModified":"2018-09-20","author":{"@type":"Person","@id":"https:\/\/www.d3bc.cz\/author\/#Person","name":"","url":"https:\/\/www.d3bc.cz\/author\/","identifier":1,"image":{"@type":"ImageObject","@id":"https:\/\/secure.gravatar.com\/avatar\/16435f0a6c9262449b9ebb39f63178cd65c54b09f931b6f84682f48086e3d763?s=96&d=mm&r=g","url":"https:\/\/secure.gravatar.com\/avatar\/16435f0a6c9262449b9ebb39f63178cd65c54b09f931b6f84682f48086e3d763?s=96&d=mm&r=g","height":96,"width":96}},"publisher":{"@type":"Organization","name":"d3bc.cz","logo":{"@type":"ImageObject","@id":"\/logo.png","url":"\/logo.png","width":600,"height":60}},"image":{"@type":"ImageObject","@id":"https:\/\/www.d3bc.cz\/wp-content\/uploads\/img_a330136_w2431_t1542707724.jpg","url":"https:\/\/www.d3bc.cz\/wp-content\/uploads\/img_a330136_w2431_t1542707724.jpg","height":0,"width":0},"url":"https:\/\/www.d3bc.cz\/dedictvi-unesco\/","wordCount":396,"articleBody":"Unesco je tak jako nap\u0159\u00edklad Unicef jednou z patn\u00e1cti odborn\u00fdch organizac\u00ed OSN. Je to organizace pro vzd\u011bl\u00e1v\u00e1n\u00ed, v\u011bku a kulturu (anglicky United Nations Educational, Scientific and Cultural Organization ). Organizace s\u00eddl\u00ed v Pa\u0159\u00ed\u017ei. Mezi hlavn\u00ed okruhy jej\u00edho z\u00e1jmu pat\u0159\u00ed Pam\u011b\u0165 sv\u011bta, Sv\u011btov\u00e9 d\u011bdictv\u00ed, Mistrovsk\u00e1 d\u00edla \u00fastn\u00edho a nehmotn\u00e9ho d\u011bdictv\u00ed lidstva.\u00a0Sv\u011btov\u00e9 d\u011bdictv\u00ed v \u010cRPam\u00e1tky Unesco pat\u0159\u00ed tedy do sv\u011btov\u00e9ho d\u011bdictv\u00ed. V \u010cesk\u00e9 republice to jsou tato m\u00edsta.\u00a0\u00b7\u00a0\u00a0\u00a0\u00a0\u00a0\u00a0\u00a0\u00a0 Praha\u2013 historick\u00e9 centrum\u00b7\u00a0\u00a0\u00a0\u00a0\u00a0\u00a0\u00a0\u00a0 Tel\u010d\u2013 historick\u00e9 centrum\u00b7\u00a0\u00a0\u00a0\u00a0\u00a0\u00a0\u00a0\u00a0 \u010cesk\u00fd Krumlov\u2013 historick\u00e9 centrum\u00b7\u00a0\u00a0\u00a0\u00a0\u00a0\u00a0\u00a0\u00a0 Poutn\u00ed kostel sv. Jana Nepomuck\u00e9hona Zelen\u00e9 ho\u0159e ve \u017d\u010f\u00e1ru nad S\u00e1zavou\u00b7\u00a0\u00a0\u00a0\u00a0\u00a0\u00a0\u00a0\u00a0 Kutn\u00e1 hora\u2013 chr\u00e1m svat\u00e9 Barbory, katedr\u00e1la Nanebevzet\u00ed Panny Marie\u00b7\u00a0\u00a0\u00a0\u00a0\u00a0\u00a0\u00a0\u00a0 Lednicko-valtick\u00fd are\u00e1l\u00b7\u00a0\u00a0\u00a0\u00a0\u00a0\u00a0\u00a0\u00a0 Krom\u011b\u0159\u00ed\u017e\u2013 zahrady a z\u00e1mek\u00b7\u00a0\u00a0\u00a0\u00a0\u00a0\u00a0\u00a0\u00a0 Hola\u0161ovice \u2013 vesnick\u00e1 rezervace\u00b7\u00a0\u00a0\u00a0\u00a0\u00a0\u00a0\u00a0\u00a0 Litomy\u0161l \u2013 z\u00e1mek a z\u00e1meck\u00fd are\u00e1l\u00b7\u00a0\u00a0\u00a0\u00a0\u00a0\u00a0\u00a0\u00a0 Olomouc\u2013 Sloup Nejsv\u011bt\u011bj\u0161\u00ed Trojice\u00b7\u00a0\u00a0\u00a0\u00a0\u00a0\u00a0\u00a0\u00a0 Brno \u2013 Vila Tugendhat\u00b7\u00a0\u00a0\u00a0\u00a0\u00a0\u00a0\u00a0\u00a0 T\u0159eb\u00ed\u010d\u2013 \u017eidovsk\u00e1 \u010dtvr\u0165 a bazilika svat\u00e9ho Prokopa\u00a0Nav\u0161t\u00edvili jste v\u0161echny Unesco pam\u00e1tky v \u010cesk\u00e9 republice? Pokud ne, ur\u010dit\u011b to pro V\u00e1s m\u016f\u017ee b\u00fdt inspirac\u00ed, kde p\u0159\u00ed\u0161t\u011b vyrazit.\u00a0\tNehmotn\u00e9 pam\u00e1tkyOv\u0161em jsou tu je\u0161t\u011b pam\u00e1tky takzvan\u00e9 nehmotn\u00e9.Mezi nehmotn\u00e9 pam\u00e1tky Unesco v \u010cesk\u00e9 republice pat\u0159\u00ed\u00b7\u00a0\u00a0\u00a0\u00a0\u00a0\u00a0\u00a0\u00a0 Slov\u00e1ck\u00fd verbu\u0148k\u2013 jedn\u00e1 se o mu\u017esk\u00fd tanec sko\u010dn\u00e9ho charakteru. Jedn\u00e1 se o improvizaci bez pevn\u00fdch choreografick\u00fdch prvk\u016f. Sou\u010d\u00e1st\u00ed je p\u0159edzp\u011bv lidov\u00e9 p\u00edsn\u011b.\u00b7\u00a0\u00a0\u00a0\u00a0\u00a0\u00a0\u00a0\u00a0 Masopust \u2013 v oblasti Hlinecka se udr\u017euj\u00ed masopustn\u00ed zvyklosti v nezm\u011bn\u011bn\u00e9 podob\u011b s masopustn\u00edmi obch\u016fzkami a maskami ji\u017e od devaten\u00e1ct\u00e9ho stolet\u00ed.\u00b7\u00a0\u00a0\u00a0\u00a0\u00a0\u00a0\u00a0\u00a0 Sokolnictv\u00ed\u2013 jedn\u00e1 se o jeden z nejstar\u0161\u00edch vztah\u016f mezi \u010dlov\u011bkem a zv\u00ed\u0159etem, kter\u00fd trv\u00e1 ji\u017e v\u00edce ne\u017e 4000 let.\u00b7\u00a0\u00a0\u00a0\u00a0\u00a0\u00a0\u00a0\u00a0 J\u00edzda kr\u00e1l\u016f\u2013 lidov\u00fd oby\u010dej, jeho\u017e p\u016fvod je dnes ji\u017e nezn\u00e1m\u00fd. D\u0159\u00edve se udr\u017eoval na \u00fazem\u00ed cel\u00e9ho \u010ceska v sou\u010dasnosti u\u017e pouze na Han\u00e9 a na Slov\u00e1cku.\u00b7\u00a0\u00a0\u00a0\u00a0\u00a0\u00a0\u00a0\u00a0 Loutk\u00e1\u0159stv\u00ed \u2013 jedn\u00e1 se o v\u00fdznamn\u00fd kulturn\u00ed fenom\u00e9n. \u010cesk\u00e9 loutk\u00e1\u0159stv\u00ed se roz\u0161i\u0159ovalo do 19. stolet\u00ed.\u00a0Sou\u010dasn\u00e1 podoba d\u011bdictv\u00ed Unesco samoz\u0159ejm\u011b nen\u00ed definitivn\u00ed. Pam\u00e1tek hmotn\u00fdch i nehmotn\u00fdch p\u0159ib\u00fdv\u00e1 a my bychom m\u011bli zv\u00e1\u017eit, co by pro n\u00e1s kultura na\u0161ich region\u016f vlastn\u011b m\u011bla znamenat.                                                                                                                                                                                                                                                                                                                                                                                        3.6\/5 - (7 votes)        "},{"@context":"https:\/\/schema.org\/","@type":"BreadcrumbList","itemListElement":[{"@type":"ListItem","position":1,"name":"D\u011bdictv\u00ed Unesco","item":"https:\/\/www.d3bc.cz\/dedictvi-unesco\/#breadcrumbitem"}]}]