{"@context":"https:\/\/schema.org\/","@type":"CollectionPage","@id":"https:\/\/www.d3bc.cz\/moda\/#CollectionPage","headline":"M\u00f3da Category","description":"","url":"https:\/\/www.d3bc.cz\/moda\/","hasPart":[{"@type":"Article","@id":"https:\/\/www.d3bc.cz\/maminky-v-zimni-mode-mohou-vypadat-skvele\/","headline":"Maminky v zimn\u00ed m\u00f3d\u011b mohou vypadat skv\u011ble","url":"https:\/\/www.d3bc.cz\/maminky-v-zimni-mode-mohou-vypadat-skvele\/","datePublished":"2023-05-06","dateModified":"2023-05-06","mainEntityOfPage":"https:\/\/www.d3bc.cz\/maminky-v-zimni-mode-mohou-vypadat-skvele\/","author":{"@type":"Person","@id":"https:\/\/www.d3bc.cz\/author\/#Person","name":"","url":"https:\/\/www.d3bc.cz\/author\/","identifier":1,"image":{"@type":"ImageObject","@id":"https:\/\/secure.gravatar.com\/avatar\/16435f0a6c9262449b9ebb39f63178cd65c54b09f931b6f84682f48086e3d763?s=96&d=mm&r=g","url":"https:\/\/secure.gravatar.com\/avatar\/16435f0a6c9262449b9ebb39f63178cd65c54b09f931b6f84682f48086e3d763?s=96&d=mm&r=g","height":96,"width":96}},"publisher":{"@type":"Organization","name":"d3bc.cz","logo":{"@type":"ImageObject","@id":"\/logo.png","url":"\/logo.png","width":600,"height":60}},"image":{"@type":"ImageObject","@id":"https:\/\/www.d3bc.cz\/wp-content\/uploads\/img_a336904_w2785_t1550228440.jpg","url":"https:\/\/www.d3bc.cz\/wp-content\/uploads\/img_a336904_w2785_t1550228440.jpg","height":0,"width":0},"keywords":null},{"@type":"Article","@id":"https:\/\/www.d3bc.cz\/moda-pro-starsi-damy-na-oslavy\/","headline":"M\u00f3da pro star\u0161\u00ed d\u00e1my na oslavy","url":"https:\/\/www.d3bc.cz\/moda-pro-starsi-damy-na-oslavy\/","datePublished":"2022-10-21","dateModified":"2022-10-21","mainEntityOfPage":"https:\/\/www.d3bc.cz\/moda-pro-starsi-damy-na-oslavy\/","author":{"@type":"Person","@id":"https:\/\/www.d3bc.cz\/author\/#Person","name":"","url":"https:\/\/www.d3bc.cz\/author\/","identifier":1,"image":{"@type":"ImageObject","@id":"https:\/\/secure.gravatar.com\/avatar\/16435f0a6c9262449b9ebb39f63178cd65c54b09f931b6f84682f48086e3d763?s=96&d=mm&r=g","url":"https:\/\/secure.gravatar.com\/avatar\/16435f0a6c9262449b9ebb39f63178cd65c54b09f931b6f84682f48086e3d763?s=96&d=mm&r=g","height":96,"width":96}},"publisher":{"@type":"Organization","name":"d3bc.cz","logo":{"@type":"ImageObject","@id":"\/logo.png","url":"\/logo.png","width":600,"height":60}},"image":{"@type":"ImageObject","@id":"https:\/\/www.d3bc.cz\/wp-content\/uploads\/naroz.JPG","url":"https:\/\/www.d3bc.cz\/wp-content\/uploads\/naroz.JPG","height":0,"width":0},"keywords":null},{"@type":"Article","@id":"https:\/\/www.d3bc.cz\/blazniva-moda\/","headline":"Bl\u00e1zniv\u00e1 m\u00f3da","url":"https:\/\/www.d3bc.cz\/blazniva-moda\/","datePublished":"2022-04-17","dateModified":"2023-05-06","mainEntityOfPage":"https:\/\/www.d3bc.cz\/blazniva-moda\/","author":{"@type":"Person","@id":"https:\/\/www.d3bc.cz\/author\/#Person","name":"","url":"https:\/\/www.d3bc.cz\/author\/","identifier":1,"image":{"@type":"ImageObject","@id":"https:\/\/secure.gravatar.com\/avatar\/16435f0a6c9262449b9ebb39f63178cd65c54b09f931b6f84682f48086e3d763?s=96&d=mm&r=g","url":"https:\/\/secure.gravatar.com\/avatar\/16435f0a6c9262449b9ebb39f63178cd65c54b09f931b6f84682f48086e3d763?s=96&d=mm&r=g","height":96,"width":96}},"publisher":{"@type":"Organization","name":"d3bc.cz","logo":{"@type":"ImageObject","@id":"\/logo.png","url":"\/logo.png","width":600,"height":60}},"image":{"@type":"ImageObject","@id":"https:\/\/www.d3bc.cz\/wp-content\/uploads\/woman-3377839_960_720.jpg","url":"https:\/\/www.d3bc.cz\/wp-content\/uploads\/woman-3377839_960_720.jpg","height":0,"width":0},"keywords":null},{"@type":"Article","@id":"https:\/\/www.d3bc.cz\/naucte-se-nosit-teplaky-a-spravne-je-kombinovat\/","headline":"Nau\u010dte se nosit tepl\u00e1ky a spr\u00e1vn\u011b je kombinovat","url":"https:\/\/www.d3bc.cz\/naucte-se-nosit-teplaky-a-spravne-je-kombinovat\/","datePublished":"2022-04-09","dateModified":"2022-04-09","mainEntityOfPage":"https:\/\/www.d3bc.cz\/naucte-se-nosit-teplaky-a-spravne-je-kombinovat\/","author":{"@type":"Person","@id":"https:\/\/www.d3bc.cz\/author\/#Person","name":"","url":"https:\/\/www.d3bc.cz\/author\/","identifier":1,"image":{"@type":"ImageObject","@id":"https:\/\/secure.gravatar.com\/avatar\/16435f0a6c9262449b9ebb39f63178cd65c54b09f931b6f84682f48086e3d763?s=96&d=mm&r=g","url":"https:\/\/secure.gravatar.com\/avatar\/16435f0a6c9262449b9ebb39f63178cd65c54b09f931b6f84682f48086e3d763?s=96&d=mm&r=g","height":96,"width":96}},"publisher":{"@type":"Organization","name":"d3bc.cz","logo":{"@type":"ImageObject","@id":"\/logo.png","url":"\/logo.png","width":600,"height":60}},"image":{"@type":"ImageObject","@id":"https:\/\/www.d3bc.cz\/wp-content\/uploads\/doll-1434699__340_1.jpg","url":"https:\/\/www.d3bc.cz\/wp-content\/uploads\/doll-1434699__340_1.jpg","height":0,"width":0},"keywords":null},{"@type":"Article","@id":"https:\/\/www.d3bc.cz\/odpocivat-je-dulezite-casto-na-to-ale-zapominame\/","headline":"Odpo\u010d\u00edvat je d\u016fle\u017eit\u00e9, \u010dasto na to ale zapom\u00edn\u00e1me","url":"https:\/\/www.d3bc.cz\/odpocivat-je-dulezite-casto-na-to-ale-zapominame\/","datePublished":"2018-06-06","dateModified":"2023-05-06","mainEntityOfPage":"https:\/\/www.d3bc.cz\/odpocivat-je-dulezite-casto-na-to-ale-zapominame\/","author":{"@type":"Person","@id":"https:\/\/www.d3bc.cz\/author\/#Person","name":"","url":"https:\/\/www.d3bc.cz\/author\/","identifier":1,"image":{"@type":"ImageObject","@id":"https:\/\/secure.gravatar.com\/avatar\/16435f0a6c9262449b9ebb39f63178cd65c54b09f931b6f84682f48086e3d763?s=96&d=mm&r=g","url":"https:\/\/secure.gravatar.com\/avatar\/16435f0a6c9262449b9ebb39f63178cd65c54b09f931b6f84682f48086e3d763?s=96&d=mm&r=g","height":96,"width":96}},"publisher":{"@type":"Organization","name":"d3bc.cz","logo":{"@type":"ImageObject","@id":"\/logo.png","url":"\/logo.png","width":600,"height":60}},"image":{"@type":"ImageObject","@id":"https:\/\/www.d3bc.cz\/wp-content\/uploads\/img_a319679_w1888_t1530693638.jpg","url":"https:\/\/www.d3bc.cz\/wp-content\/uploads\/img_a319679_w1888_t1530693638.jpg","height":0,"width":0},"keywords":null}]}